{"id":3283,"date":"2021-12-05T20:01:02","date_gmt":"2021-12-05T20:01:02","guid":{"rendered":"https:\/\/santosconventioncenter.com.br\/es\/?p=3283"},"modified":"2022-08-11T15:07:50","modified_gmt":"2022-08-11T15:07:50","slug":"santos-convention-center-recibe-a-alok-israel-rodolffo-y-roupa-nova-los-dias-3-y-4-de-diciembre","status":"publish","type":"post","link":"https:\/\/santosconventioncenter.com.br\/es\/santos-convention-center-recibe-a-alok-israel-rodolffo-y-roupa-nova-los-dias-3-y-4-de-diciembre\/","title":{"rendered":"Santos Convention Center recibe a Alok, Israel &#038; Rodolffo y Roupa Nova los d\u00edas 3 y 4 de diciembre"},"content":{"rendered":"<p><span style=\"font-weight: 400;\">Santos Convention Center recibe este fin de semana sus primeros grandes conciertos El primero ser\u00e1 el evento \u201cSantos Music\u201d el 3 de diciembre, con el Dj Alok y el d\u00fao de la m\u00fasica \u201csertaneja\u201c Israel &amp; Rodolffo. El 4 de diciembre, el espacio acoger\u00e1 el concierto de la gira de celebraci\u00f3n de los 40 a\u00f1os de carrera de Roupa Nova.<\/span><\/p>\n<p><span style=\"font-weight: 400;\">Para asistir a los conciertos, las entradas est\u00e1n a la venta en l\u00ednea Los eventos seguir\u00e1n todos los protocolos de seguridad sanitaria exigidos por las autoridades en la fecha de realizaci\u00f3n. A la entrada, ser\u00e1 necesario presentar el esquema de vacunaci\u00f3n completo o el PCR realizado en las \u00faltimas 48 horas. Tambi\u00e9n ser\u00e1 obligatorio el uso de la mascarilla. En el local habr\u00e1 t\u00f3tems con alcohol en gel y carteles con directrices sobre las medidas preventivas.<\/span><\/p>\n<p><b>SERVICIO <\/b><\/p>\n<p><span style=\"font-weight: 400;\">Santos Music \u2013 Alok y Israel &amp; Rodolffo<\/span><\/p>\n<p><span style=\"font-weight: 400;\">Fecha: 3\/12\/2021<\/span><\/p>\n<p><span style=\"font-weight: 400;\">Apertura de las puertas: 22h<\/span><\/p>\n<p><span style=\"font-weight: 400;\">Entradas: <\/span><a href=\"https:\/\/ingressonanet.com\/evento\/488\/Alok_e_Israel_e_Rodolffo\"><span style=\"font-weight: 400;\">https:\/\/ingressonanet.com\/evento\/488\/Alok_e_Israel_e_Rodolffo<\/span><\/a><span style=\"font-weight: 400;\">\u00a0<\/span><\/p>\n<p><span style=\"font-weight: 400;\">Valores: A partir de R$ 90\u00a0<\/span><\/p>\n<p><span style=\"font-weight: 400;\">Clasificaci\u00f3n: 18 a\u00f1os<\/span><\/p>\n<p><span style=\"font-weight: 400;\">Gira de celebraci\u00f3n de los 40 a\u00f1os de Roupa Nova<\/span><\/p>\n<p><span style=\"font-weight: 400;\">Fecha: 04\/12\/2021<\/span><\/p>\n<p><span style=\"font-weight: 400;\">Apertura de las puertas: 21h30<\/span><\/p>\n<p><span style=\"font-weight: 400;\">Entradas: <\/span><a href=\"https:\/\/www.ingressonanet.com\/evento\/485\/ROUPA-NOVA-40-ANOS\"><span style=\"font-weight: 400;\">https:\/\/www.ingressonanet.com\/evento\/485\/ROUPA-NOVA-40-ANOS<\/span><\/a><span style=\"font-weight: 400;\">\u00a0<\/span><\/p>\n<p><span style=\"font-weight: 400;\">Valores: A partir de R$ 120\u00a0<\/span><\/p>\n<p><span style=\"font-weight: 400;\">Clasificaci\u00f3n: 18 a\u00f1os<\/span><\/p>\n<p><b><i>Sobre GL events<\/i><\/b><\/p>\n<p><i><span style=\"font-weight: 400;\">La multinacional francesa GL events es uno de los principales players del mercado mundial de eventos. Presente en 27 destinos en los cinco continentes, la compa\u00f1\u00eda gestiona 52 espacios y es especialista en atender toda la cadena del sector &#8211; desde la concepci\u00f3n hasta la realizaci\u00f3n de eventos, pasando por la producci\u00f3n y la oferta de servicios. Su experiencia se ha forjado a lo largo de m\u00e1s de 40 a\u00f1os de actividad. El grupo cuenta con 315 festivales y ferias propias.<\/span><\/i><\/p>\n<p><i><span style=\"font-weight: 400;\">Cotizada en la Bolsa de Paris &#8211; el Eurolist Euronext Compartment B -, GL events ha invertido m\u00e1s de R$ 1,1 bill\u00f3n en Brasil &#8211; la mayor operaci\u00f3n despu\u00e9s de Francia y de China. La marca lleg\u00f3 al pa\u00eds en 2006 y est\u00e1 presente en los cuatro principales destinos tur\u00edsticos y de negocios: S\u00e3o Paulo, Santos &#8211; SP, Rio de Janeiro y Salvador.<\/span><\/i><\/p>\n<p><i><span style=\"font-weight: 400;\">En Brasil, GL events gestiona la S\u00e3o Paulo Expo &#8211; el principal destino de eventos de Am\u00e9rica Latina -, de Riocentro, el centro de eventos y convenciones m\u00e1s completo de Brasil, la Jeunesse Arena, la primera arena multiuso de Brasil; el Centro de Conven\u00e7\u00f5es Salvador, el Santos Convention Center en el litoral sur de S\u00e3o Paulo y, recientemente, se ha hecho cargo de Anhembi, uno de los destinos de eventos m\u00e1s emblem\u00e1ticos de Brasil, que recibir\u00e1 inversiones de alrededor de R$ 1 bill\u00f3n en los pr\u00f3ximos cinco a\u00f1os para convertirlo en un complejo de entretenimiento, con una arena multiuso, un moderno centro de convenciones y otros equipos para acoger congresos, conferencias, eventos culturales y deportivos, festivales, ferias, adem\u00e1s de fomentar el desarrollo de la Zona Norte de la capital de S\u00e3o Paulo.<\/span><\/i><\/p>\n<p><i><span style=\"font-weight: 400;\">Tambi\u00e9n promueve eventos empresariales y de entretenimiento como la Bienal Internacional del Libro\u00a0 Rio, el Mondial de La Bi\u00e8re de Rio y de S\u00e3o Paulo, el Welcome Tomorrow, el festival Rio Matsuri, el Cear\u00e1 Kite Pro, el Kids Festival, el Streetopia, el Estetika, el Expopostos y el Brasil Brau. La empresa tambi\u00e9n tiene una l\u00ednea de actuaci\u00f3n especializada en el dise\u00f1o, la producci\u00f3n y e el suministro de servicios e instalaci\u00f3n de estructuras temporarias para eventos de todo tipo y tama\u00f1o.<\/span><\/i><\/p>\n<p><b>Asesor\u00eda de Prensa:<\/b><\/p>\n<p><b><i>Danthi Comunica\u00e7\u00f5es<\/i><\/b><\/p>\n<p><i><span style=\"font-weight: 400;\">Silvia Vasconcelos &#8211;\u00a0<\/span><\/i><a href=\"mailto:silvia@danthi.com.br\"><i><span style=\"font-weight: 400;\">silvia@danthi.com.br<\/span><\/i><\/a><i><span style=\"font-weight: 400;\">\u00a0&#8211; (11) 96336-8102<\/span><\/i><\/p>\n<p><i><span style=\"font-weight: 400;\">\u00c9rica Arruda &#8211;\u00a0<\/span><\/i><a href=\"mailto:erica@danthi.com.br\"><i><span style=\"font-weight: 400;\">erica@danthi.com.br<\/span><\/i><\/a><i><span style=\"font-weight: 400;\">\u00a0&#8211; (11) 97541-7448<\/span><\/i><\/p>\n","protected":false},"excerpt":{"rendered":"<p>Santos Convention Center recibe este fin de semana sus primeros grandes conciertos El primero ser\u00e1 el evento \u201cSantos Music\u201d el 3 de diciembre, con el Dj Alok y el d\u00fao de la m\u00fasica \u201csertaneja\u201c Israel &amp; Rodolffo. El 4 de diciembre, el espacio acoger\u00e1 el&#8230;<\/p>\n","protected":false},"author":1,"featured_media":0,"comment_status":"closed","ping_status":"closed","sticky":false,"template":"","format":"standard","meta":{"footnotes":""},"categories":[1],"tags":[],"class_list":["post-3283","post","type-post","status-publish","format-standard","hentry","category-uncategorized"],"_links":{"self":[{"href":"https:\/\/santosconventioncenter.com.br\/es\/wp-json\/wp\/v2\/posts\/3283","targetHints":{"allow":["GET"]}}],"collection":[{"href":"https:\/\/santosconventioncenter.com.br\/es\/wp-json\/wp\/v2\/posts"}],"about":[{"href":"https:\/\/santosconventioncenter.com.br\/es\/wp-json\/wp\/v2\/types\/post"}],"author":[{"embeddable":true,"href":"https:\/\/santosconventioncenter.com.br\/es\/wp-json\/wp\/v2\/users\/1"}],"replies":[{"embeddable":true,"href":"https:\/\/santosconventioncenter.com.br\/es\/wp-json\/wp\/v2\/comments?post=3283"}],"version-history":[{"count":4,"href":"https:\/\/santosconventioncenter.com.br\/es\/wp-json\/wp\/v2\/posts\/3283\/revisions"}],"predecessor-version":[{"id":3311,"href":"https:\/\/santosconventioncenter.com.br\/es\/wp-json\/wp\/v2\/posts\/3283\/revisions\/3311"}],"wp:attachment":[{"href":"https:\/\/santosconventioncenter.com.br\/es\/wp-json\/wp\/v2\/media?parent=3283"}],"wp:term":[{"taxonomy":"category","embeddable":true,"href":"https:\/\/santosconventioncenter.com.br\/es\/wp-json\/wp\/v2\/categories?post=3283"},{"taxonomy":"post_tag","embeddable":true,"href":"https:\/\/santosconventioncenter.com.br\/es\/wp-json\/wp\/v2\/tags?post=3283"}],"curies":[{"name":"wp","href":"https:\/\/api.w.org\/{rel}","templated":true}]}}