{"id":3281,"date":"2021-11-05T20:00:20","date_gmt":"2021-11-05T20:00:20","guid":{"rendered":"https:\/\/santosconventioncenter.com.br\/es\/?p=3281"},"modified":"2022-08-11T15:25:02","modified_gmt":"2022-08-11T15:25:02","slug":"media-briefing-programa-visita-na-record-litoral","status":"publish","type":"post","link":"https:\/\/santosconventioncenter.com.br\/es\/media-briefing-programa-visita-na-record-litoral\/","title":{"rendered":"Media Briefing | Programa &#8220;Visita na Record Litoral&#8221;"},"content":{"rendered":"<p><span style=\"font-weight: 400;\">A partir de la solicitud del ayuntamiento de Santos con la direcci\u00f3n de la Record Litoral, se realizar\u00e1 una entrevista en el programa Visita na Record Litoral para conocer m\u00e1s sobre GL events, que asumir\u00e1 la concesi\u00f3n de Santos Convention Center.<\/span><\/p>\n<p><span style=\"font-weight: 400;\">El programa de entrevistas Visita na Record Litoral, que trata de las empresas que operan en Santos y en el Vale do Para\u00edba, se transmite los s\u00e1bados a las 14:30 y se repite los domingos a las 9:30.<\/span><\/p>\n<p><img decoding=\"async\" class=\"alignleft\" src=\"https:\/\/santosconventioncenter.com.br\/es\/wp-content\/uploads\/2022\/08\/Record.png\" alt=\"\" width=\"145\" height=\"141\" \/><\/p>\n<p><b>Tatiana Marques \u2013\u00a0 Redactora Jefe en Record Litoral<\/b><\/p>\n<p><span style=\"font-weight: 400;\">Periodista graduada en la Universidad Santa Cec\u00edlia, en Santos, comenz\u00f3 su carrera en la radio. Trabaj\u00f3 en las emisoras Transam\u00e9rica y Litoral, muy tradicionales en la zona de la Baixada Santista. Trabaj\u00f3 en una emisora afiliada a la Rede Globo. En Sorocaba, fue editora del G1, y tambi\u00e9n tuvo la gran oportunidad de ser editora temporal de textos para la TV Tem. Tambi\u00e9n fue reportera de Santa Cec\u00edlia TV, en Santos. En la regi\u00f3n centro oeste de S\u00e3o Paulo, se incorpor\u00f3 a la Record TV. Actualmente, est\u00e1 a cargo del &#8220;Visita da Record&#8221;, uno de los principales programas de entrevistas de la emisora.<\/span><\/p>\n<p>&nbsp;<\/p>\n<p style=\"text-align: center;\"><b>Preguntas que se abordar\u00e1n durante la entrevista<\/b><\/p>\n<p><b>&#8211; GL EVENTS ES UNA EMPRESA DE IMPORTANCIA INTERNACIONAL. \u00bfC\u00d3MO FUE LA DECISI\u00d3N DE EMPEZAR A OPERAR EN BRASIL?<\/b><\/p>\n<p><span style=\"font-weight: 400;\">La multinacional francesa GL events es uno de los principales players del mercado mundial de eventos. Presente en 27 destinos en los cinco continentes, la compa\u00f1\u00eda gestiona 52 espacios y es especialista en atender toda la cadena del sector &#8211; desde la concepci\u00f3n hasta la realizaci\u00f3n de eventos, pasando por la producci\u00f3n y la oferta de servicios.<\/span><\/p>\n<p><span style=\"font-weight: 400;\">La marca lleg\u00f3 al pa\u00eds en 2006 y est\u00e1 presente en los cuatro principales destinos tur\u00edsticos y de negocios: S\u00e3o Paulo, Rio de Janeiro y Salvador. En el apogeo de su trayectoria y madurez, la empresa a\u00fan tiene aliento para nuevos proyectos y se mantiene atenta a las oportunidades. Brasil es un mercado extremadamente importante para GL events por su potencial tanto a nivel nacional como a nivel internacional. Nuestro plan estrat\u00e9gico para el pa\u00eds permite la expansi\u00f3n de una serie de nuestras actividades como en Santos, donde recientemente hemos asumido la gesti\u00f3n del nuevo centro de convenciones de la ciudad.<\/span><\/p>\n<p><b>&#8211; \u00bfEL SE\u00d1OR INCLUSIVE EST\u00c1 AQU\u00cd DESDE 2006?\u00a0<\/b><\/p>\n<p><span style=\"font-weight: 400;\">S\u00ed, llegu\u00e9 a Brasil junto con la empresa en 2006 siendo el \u00fanico grupo en Am\u00e9rica Latina que trabaja en toda la cadena de producci\u00f3n de eventos. Cuando llegu\u00e9, asum\u00ed la direcci\u00f3n de Riocentro, en Rio de Janeiro, cargo que ocup\u00e9 hasta finales de 2008. Al a\u00f1o siguiente, tambi\u00e9n asum\u00ed la direcci\u00f3n del entonces HSBC Arena, ahora Jeunesse Arena, tambi\u00e9n en R\u00edo, cargo que mantuve hasta julio de 2009. Luego pas\u00e9 a ser Director de Desarrollo de Negocios en Brasil, cargo que ocup\u00e9 hasta diciembre de 2013, cuando asum\u00ed la direcci\u00f3n de S\u00e3o Paulo Expo, el mayor centro de exposiciones de Am\u00e9rica Latina. En febrero de 2018, me convert\u00ed en CEO del grupo en Brasil.<\/span><\/p>\n<p><b>&#8211;\u00a0 \u00bfCU\u00c1NTOS EVENTOS SE CELEBRAN AL A\u00d1O POR LA GL Y DE QU\u00c9 TIPO SON (FERIAS Y FESTIVALES)?<\/b><\/p>\n<p><span style=\"font-weight: 400;\">Tenemos m\u00e1s de 40 a\u00f1os de experiencia. Actualmente el grupo tiene una agenda intensa y consistente con m\u00e1s de 3.700 eventos al a\u00f1o. El grupo cuenta con 315 festivales y ferias propias.<\/span><\/p>\n<p><b>\u00a0&#8211; GL EVENTS FACTUR\u00d3 M\u00c1S DE 1 BILL\u00d3N DE EUROS EN 2019. \u00bfCU\u00c1NTO HA INVERTIDO EN BRASIL?<\/b><\/p>\n<p><span style=\"font-weight: 400;\">Cotizada en la Bolsa de Valores de Paris &#8211; el o Eurolist Euronext Compartment B -, GL events factur\u00f3 1.173 bill\u00f3n de euros en 2019 y ha invertido m\u00e1s de R$ 1 bill\u00f3n en Brasil &#8211; la mayor operaci\u00f3n despu\u00e9s de Francia y de China.<\/span><\/p>\n<p><b>&#8211; GL TAMBI\u00c9N TIENE OTRAS EMPRESAS IMPLICADAS, COMO GL EVENTS VENUES. \u00bfESTA EMPRESA GESTIONA FERIAS Y CONCIERTOS?<\/b><\/p>\n<p><span style=\"font-weight: 400;\">La empresa reproduce en Brasil el modelo de negocios de la matriz, con una cartera de empresas que act\u00faan en l\u00edneas de negocios complementarias. GL events Venues gestiona espacios para ferias, congresos, conciertos y eventos culturales, deportivos y sociales. Actualmente, gestiona los centros de exposiciones S\u00e3o Paulo Expo \u2013principal destino de eventos de Am\u00e9rica Latina\u2013 y Riocentro, el centro de eventos y convenciones m\u00e1s completo de Brasil.<\/span><\/p>\n<p><span style=\"font-weight: 400;\">En Rio de Janeiro, sigue siendo responsable de la Jeunesse Arena, la primera arena multiuso de Brasil. El equipo recibi\u00f3 inversiones de GL events para convertirse en uno de los m\u00e1s modernos del mundo. Los tres espacios acogen m\u00e1s de 300 eventos y reciben m\u00e1s de 4,5 millones de visitantes al a\u00f1o.<\/span><\/p>\n<p><span style=\"font-weight: 400;\">En julio de 2019, la empresa gan\u00f3 la licitaci\u00f3n para gestionar el Centro de Convenciones de Salvador durante los pr\u00f3ximos 25 a\u00f1os. Durante este per\u00edodo, la empresa invertir\u00e1 alrededor de R$ 50 millones en el equipamiento durante la concesi\u00f3n y su objetivo es contribuir a agregar valor al destino, impulsar la econom\u00eda local y transformar la ciudad en uno de los destinos de eventos m\u00e1s importantes de Am\u00e9rica Latina, junto con S\u00e3o Paulo y R\u00edo de Janeiro.<\/span><\/p>\n<p><span style=\"font-weight: 400;\">En septiembre de 2020, la empresa gan\u00f3 la licitaci\u00f3n para gestionar el Centro de Convenciones de Santos durante los pr\u00f3ximos 24 a\u00f1os.<\/span><\/p>\n<p><b>&#8211; \u00bfTAMBI\u00c9N HAY LA GL EVENTS LIVE, QUE HA PARTICIPADO EN EL MONTAJE Y SUMINISTRO DE INSTALACIONES TEMPORALES PARA TODOS LOS GRANDES EVENTOS INTERNACIONALES CELEBRADOS EN BRASIL Y AM\u00c9RICA LATINA?<\/b><\/p>\n<p><span style=\"font-weight: 400;\">GL events es especializada en el dise\u00f1o, la producci\u00f3n y e el suministro de servicios e instalaci\u00f3n de estructuras temporarias para eventos de todo tipo y tama\u00f1o. La empresa particip\u00f3 en el montaje y suministro de instalaciones temporales para todos los grandes eventos internacionales celebrados en Brasil y Am\u00e9rica Latina -Juegos Panamericanos 2007, Rio + 20, Copa de las Confederaciones 2013, Copa del Mundo 2014, Jornada Mundial de la Juventud y Juegos Ol\u00edmpicos R\u00edo 2016, as\u00ed como eventos deportivos y festivales como la F\u00f3rmula 1, Game XP, Rock in Rio. En 2019, GL events Live ha ampliado a\u00fan m\u00e1s su estructura para asistir a la Conferencia de las Naciones Unidas sobre el Cambio Clim\u00e1tico (COP 25) en Madrid y a los Juegos Panamericanos en Lima, Per\u00fa.<\/span><\/p>\n<p><b>&#8211; EN SEPTIEMBRE, GAN\u00d3 LA LICITACI\u00d3N PARA GESTIONAR EL NUEVO CENTRO DE CONVENCIONES DE SANTOS. \u00bfC\u00d3MO SER\u00c1 EL ESPACIO?<\/b><\/p>\n<p><span style=\"font-weight: 400;\">En la fase final de construcci\u00f3n, el\u00a0 Santos Convention Center tendr\u00e1 una superficie total de m\u00e1s de 32.000 m\u00b2, un pabell\u00f3n de ferias y exposiciones climatizado de 9.000 m\u00b2, una sala de convenciones y conciertos con capacidad para acoger 3.000 personas y cuatro auditorios de apoyo &#8211; que pueden subdividirse en ocho salas. Con un proyecto arquitect\u00f3nico modernista, el centro de convenciones cuenta tambi\u00e9n con un helipuerto, camerinos y un aparcamiento cubierto con 400 plazas.\u00a0<\/span><\/p>\n<p><b>&#8211; \u00bfCU\u00c1NTO PIENSA INVERTIR LA EMPRESA EN EL CENTRO DE CONVENCIONES DE SANTOS? \u00bfC\u00d3MO VA LA CONSTRUCCI\u00d3N? \u00bfEST\u00c1 EN SU FASE FINAL?<\/b><\/p>\n<p><span style=\"font-weight: 400;\">Invertiremos 48 millones de reales a lo largo de los 24 a\u00f1os de la concesi\u00f3n para calificar los equipos, la tecnolog\u00eda y atraer eventos nacionales e internacionales. El Santos Convention Center promete ser un centro de eventos de infraestructura, log\u00edstica, del sector mar\u00edtimo y Offshore, as\u00ed como de eventos corporativos y sociales, incluyendo conciertos.<\/span><\/p>\n<p><b>&#8211; \u00bfLA UBICACI\u00d3N DE SANTOS, CON EL MAYOR PUERTO DE AM\u00c9RICA LATINA, AYUDAR\u00c1 AL FUNCIONAMIENTO DE LA INICIATIVA?<\/b><\/p>\n<p><span style=\"font-weight: 400;\">La ubicaci\u00f3n es estrat\u00e9gica: cerca del Puerto, de las empresas nacionales e internacionales que operan en la regi\u00f3n y de la red hotelera, as\u00ed como de la futura Estaci\u00f3n Intermodal, que promete concentrar los principales modales de transporte de la ciudad: balsas, barcas a Guaruj\u00e1, la futura estaci\u00f3n del VLT, carriles bici y estaciones de autobuses municipales e interurbanos.<\/span><\/p>\n<p><b>&#8211; \u00bfCU\u00c1L ES LA PREVISI\u00d3N DE ENTREGA DE LA OBRA?<\/b><\/p>\n<p><span style=\"font-weight: 400;\">La entrega est\u00e1 prevista para finales de octubre.<\/span><\/p>\n<p><b>&#8211; RECIENTEMENTE, LA FACHADA DEL CENTRO DE CONVENCIONES RECIBI\u00d3 UN MURAL DE GRAFITI DEL RECONOCIDO EDUARDO KOBRA. LA OBRA DESTACA CUATRO PASIONES DE LA CIUDAD: PEL\u00c9, PUERTO, &#8220;BOLSA DO CAF\u00c9&#8221; Y TRANV\u00cdA \u00bfQU\u00c9 LE HA PARECIDO? \u00bfC\u00d3MO PUEDE ESTO IMPULSAR EL FUNCIONAMIENTO DEL SITIO?\u00a0<\/b><\/p>\n<p><span style=\"font-weight: 400;\">XXXXX<\/span><span style=\"font-weight: 400;\">\u00a0<\/span><\/p>\n<p><b>&#8211; \u00bfDEBE EL SANTOS CONVENTION CENTER IMPULSAR TAMBI\u00c9N EL TURISMO?<\/b><\/p>\n<p><span style=\"font-weight: 400;\">La relaci\u00f3n entre el turismo de negocios y eventos con el turismo de ocio est\u00e1 muy alineada. Los congresos m\u00e9dicos, que son los de mayor volumen, suelen tratar la agenda profesional durante la semana y el m\u00e9dico suele llevarse a la familia a pasar el fin de semana en la ciudad del congreso. Esa es una de las virtudes de Santos. La elecci\u00f3n no tiene que ver con el tama\u00f1o: tiene que ver con el destino, la ubicaci\u00f3n y la infraestructura.<\/span><\/p>\n<p><span style=\"font-weight: 400;\">Adem\u00e1s, el destino ya estaba consolidado en cuanto a eventos, porque ya hab\u00eda una agenda que se celebraba en el antiguo centro de convenciones. Debido a la proximidad con la ciudad de S\u00e3o Paulo, hay una oportunidad de hacer un movimiento con lo que ya exist\u00eda y tambi\u00e9n llevar otros eventos a Santos. Y tambi\u00e9n est\u00e1 la fuerza de todo el complejo log\u00edstico, incluida la terminal mar\u00edtima. Vemos con buenos ojos este conjunto de factores.<\/span><\/p>\n","protected":false},"excerpt":{"rendered":"<p>A partir de la solicitud del ayuntamiento de Santos con la direcci\u00f3n de la Record Litoral, se realizar\u00e1 una entrevista en el programa Visita na Record Litoral para conocer m\u00e1s sobre GL events, que asumir\u00e1 la concesi\u00f3n de Santos Convention Center. El programa de entrevistas&#8230;<\/p>\n","protected":false},"author":1,"featured_media":0,"comment_status":"closed","ping_status":"closed","sticky":false,"template":"","format":"standard","meta":{"footnotes":""},"categories":[1],"tags":[],"class_list":["post-3281","post","type-post","status-publish","format-standard","hentry","category-uncategorized"],"_links":{"self":[{"href":"https:\/\/santosconventioncenter.com.br\/es\/wp-json\/wp\/v2\/posts\/3281","targetHints":{"allow":["GET"]}}],"collection":[{"href":"https:\/\/santosconventioncenter.com.br\/es\/wp-json\/wp\/v2\/posts"}],"about":[{"href":"https:\/\/santosconventioncenter.com.br\/es\/wp-json\/wp\/v2\/types\/post"}],"author":[{"embeddable":true,"href":"https:\/\/santosconventioncenter.com.br\/es\/wp-json\/wp\/v2\/users\/1"}],"replies":[{"embeddable":true,"href":"https:\/\/santosconventioncenter.com.br\/es\/wp-json\/wp\/v2\/comments?post=3281"}],"version-history":[{"count":3,"href":"https:\/\/santosconventioncenter.com.br\/es\/wp-json\/wp\/v2\/posts\/3281\/revisions"}],"predecessor-version":[{"id":3319,"href":"https:\/\/santosconventioncenter.com.br\/es\/wp-json\/wp\/v2\/posts\/3281\/revisions\/3319"}],"wp:attachment":[{"href":"https:\/\/santosconventioncenter.com.br\/es\/wp-json\/wp\/v2\/media?parent=3281"}],"wp:term":[{"taxonomy":"category","embeddable":true,"href":"https:\/\/santosconventioncenter.com.br\/es\/wp-json\/wp\/v2\/categories?post=3281"},{"taxonomy":"post_tag","embeddable":true,"href":"https:\/\/santosconventioncenter.com.br\/es\/wp-json\/wp\/v2\/tags?post=3281"}],"curies":[{"name":"wp","href":"https:\/\/api.w.org\/{rel}","templated":true}]}}